{"id":595,"date":"2025-03-09T20:52:37","date_gmt":"2025-03-09T20:52:37","guid":{"rendered":"http:\/\/ungarn-immobilien.the-visitor.de\/?p=595"},"modified":"2025-03-09T20:52:37","modified_gmt":"2025-03-09T20:52:37","slug":"es-ist-der-9-maerz-2025","status":"publish","type":"post","link":"https:\/\/ungarn-immobilien.the-visitor.de\/?p=595","title":{"rendered":"ES IST DER 9. M\u00c4RZ 2025"},"content":{"rendered":"<h1><strong><span style=\"font-size: xx-large;\">Einen sch\u00f6nen guten Abend !<br \/>\n<\/span><span style=\"font-size: xx-large;\">Ich kann hier jetzt auch sehr gerne einmal Tacheles reden.<\/span><\/strong><\/h1>\n<p><strong>Die Nachrichten die sich in West \u2013 Europa nun immer schneller verbreiten sind erschreckend.<\/strong><br \/>\n<strong>Das sollte jedem aufgeweckten Menschen immer klarer werden.<\/strong><\/p>\n<p><strong>Die Franzosen, ich bin \u00fcbrigens franz\u00f6sischer Abstammung, jedoch vertrete ich nicht die Meinung des Macron und seiner Anh\u00e4nger. Das Thema Atombomben der Franzosen hat mich nun noch mehr wachger\u00fcttelt.<\/strong><\/p>\n<p><strong>Die Aufr\u00fcstung die nun hier in ganz West-Europa stattfinden soll, hat, so wird uns erkl\u00e4rt, nur dazu zu dienen, Russland davon abzuhalten, West- Europa anzugreifen.<\/strong><\/p>\n<p><strong>In Russland denkt kein Mensch daran, West-Europa anzugreifen, so h\u00f6re ich das von meinen Freuden die verteilt \u00fcber ganz Russland leben und erkl\u00e4ren mir, die Kriegs Hysterie, dass Russland sich nun weiter ausbreiten will, also die Kriegs &#8211; Hysterie die hier bei uns in West-Europa aufgebaut wird, klar erkl\u00e4ren zu k\u00f6nnen.<\/strong><\/p>\n<p><strong>Die Erkl\u00e4rung kann ich hier nicht ver\u00f6ffentlichen. Sie w\u00fcrde der hierzulande zwar gesetzlich verankerten Meinungsfreiheit wohl dann doch eine Nummer zu hoch sein.Und 50 Tage Gef\u00e4ngnis, der Strafantritt ist noch offen, wegen einer \u00e4hnlichen Sache, die haben mich sehr vorsichtig werden lassen.<br \/>\n<\/strong><\/p>\n<p><iframe loading=\"lazy\" class=\"wp-embedded-content\" sandbox=\"allow-scripts\" security=\"restricted\" title=\"Es ist heute der 9. M\u00e4rz 2025\" src=\"https:\/\/rumble.com\/embed\/v6o686q\/?pub=15z1mi#?secret=zSoOcPAoqt\" data-secret=\"zSoOcPAoqt\" width=\"640\" height=\"480\" frameborder=\"0\"><\/iframe><\/p>\n<p><strong>Erkl\u00e4rungen hin, Erkl\u00e4rungen her. Ich tendiere dazu, meinen Freunden Glauben zu schenken !<\/strong><\/p>\n<p><strong>Die Sicherheit die ich bis vor einigen Jahren noch in Deutschland versp\u00fcrt habe, die ist l\u00e4ngst sehr geschwunden. Und glaubt mir bitte, dass ich kein Angsthase bin, weil wenn ich das sein w\u00fcrde, w\u00e4re ich wohl niemals auf die Krim und in das Kriegsgebiet, ohne Sicherheitspersonal, dem Donbass gereist.<\/strong><\/p>\n<p><strong>Ich habe mich, ob ihr es mir glaubt, oder nicht, bei den Granaten- und Raketenangriffen die ich im Donbass in Kellern von dort schon zerst\u00f6rten H\u00e4usern erlebt und \u00fcberlebt habe, wesentlich sicherer gef\u00fchlt, als ich mich derzeit hier in Deutschland f\u00fchle.<\/strong><\/p>\n<p><strong>Aber das ist nicht der Grund, weshalb ich dieses Video mache.<\/strong><\/p>\n<p><strong>Viele kennen meine Webseiten und auch meine Sozialen Medien \u2013 Kan\u00e4le.<\/strong><\/p>\n<p><a href=\"https:\/\/www.the-visitor.de\" target=\"_blank\" rel=\"noopener\"><strong>https:\/\/www.the-visitor.de<\/strong><\/a><\/p>\n<p><strong>Ein Trauerklos und Aufgeber bin ich ganz sicher nicht !<\/strong><\/p>\n<p><strong>Ich bin in finanziell viel besseren Zeiten, sehr viel in Mittelosteuropa unterwegs gewesen, auch in Russland und ich habe auch einen sehr guten Bekannten in Belarus. Er ist Deutscher und ist schon eine Zeit lang dort und was macht er, wenn ich mit ihm spreche ? Er lacht \u00fcber unsere immer schlechter werdenden Verh\u00e4ltnisse und unser Verhalten hier in Deutschland \u00fcber das was aus Berlin \u00fcber uns gesch\u00fcttet wird.<\/strong><\/p>\n<p><strong>Da ich Ungarn kennen, sch\u00e4tzen und lieben gelernt habe, wurde von mir der Entschlu\u00df gefasst, mich mit meinen 72 Jahren ( am 17.3. ) in Sicherheit zu bringen. Und dort neu durchzustarten !<\/strong><\/p>\n<p><strong>Ich selbst habe mir meinen sicheren Platz in Ungarn bereits l\u00e4ngst gesichert.<\/strong><\/p>\n<p><strong>Weil ich in Ungarn sehr zuverl\u00e4ssige Freunde die sich mit den Gepflogenheiten der \u00c4mter, Schulen etc. sehr gut auskennen und Kontakte in die verschiedensten Richtungen haben, habe die, da sie dort in Ungarn leben, habe ich, weil wir helfen k\u00f6nnen und wollen, folgenden Vorschlag zu machen, denjenigen Menschen die hier nur noch weg wollen, zu helfen, die ersten richtigen Schritte zu machen, um in Ungarn und auch in Serbien, Fu\u00df zu fassen.<\/strong><\/p>\n<p><strong>Dabei sollte es immer zu Bedenken sein, will man nur tempor\u00e4r, also bis sich die Lage in der Heimat wieder stabilisiert hat, oder will man f\u00fcr immer die Sicherheit au\u00dferhalb der Heimat erleben.<\/strong><\/p>\n<p><strong>Man sollte es sich also \u00fcberlegen, ob man nur einen sicheren Platz zum \u00dcberleben in Ungarn oder auch in Serbien haben will, also wenn es hier noch weiter unertr\u00e4glicher f\u00fcr Menschen, die friedfertig sind und in Frieden leben wollen wird, die im Ernstfall einfach nur ein Domizil in Ungarn oder auch Serbien zu haben, oder man dauerhaft auswandern will. <\/strong><\/p>\n<p><strong>Auch gibt es einige Videos in meinen Sozialen Medien von Menschen die diesen,, f\u00fcr sie wichtigen Schritt bereits gemacht haben, zu sehen.<\/strong><\/p>\n<p><strong>Wer also hier weg will, ob nun tempor\u00e4r oder auf Dauer, wir helfen!<\/strong><\/p>\n<p><strong>Und wenn ich meinem Bekannten in Belarus, er hat sein eigenes Haus in der N\u00e4he von Brest anspreche, k\u00f6nnte ich es mir vorstellen, dass auch er sich bereit erkl\u00e4rt, zu helfen, sich in Belarus in Sicherheit zu bringen. Sei es beim Kauf eines Hauses, einer Wohnung auf Zeit oder auf Dauer, ich wei\u00df, dass seine Hilfsbereitschaft vorhanden ist.<\/strong><\/p>\n<p><strong>Wichtig ist meines Erachtens, jederzeit die M\u00f6glichkeit zu haben, von hier wegzukommen und zu wissen, wohin man gehen kann, um sich die &#8220; b\u00f6se Show &#8220; aus sicherer Entfernung anzusehen.<\/strong><\/p>\n<p><strong>Den Schl\u00fcssel zu seinem neuen Domizil in der Tasche zu haben, Leute das ich einfach ein sch\u00f6nes Gef\u00fchl !<\/strong><\/p>\n<p><strong>Und ein sch\u00f6nes, gutes Gef\u00fchl ist es, sich in einem fremden Land aufgenommen zu f\u00fchlen und dort Freunde zu haben.<\/strong><\/p>\n<p><strong>Thema Sicherheit.<\/strong><\/p>\n<p><strong>Die L\u00e4nder Ungarn, Serbien haben und das sollte mittlerweile mehr als bekannt sein, schon vor langer Zeit entschieden, nicht in einen Krieg gegen Russland ziehen zu lassen.<\/strong><\/p>\n<p><strong>Diese L\u00e4nder haben auch nie einen Hehl daraus gemacht, freundschaftliche Kontakte zu Russland zu pflegen und haben sich nicht von der West-EU gegen Russland \u201e aufheizen \u201e lassen.<\/strong><\/p>\n<p><strong>Wenn die \u201e b\u00f6se Show \u201e beginnt, dann ist ein Land, eines der gr\u00f6\u00dften und bislang noch wirtschaftlich starken L\u00e4nder betroffen, daf\u00fcr leiden zu m\u00fcssen, was in der Vergangenheit ganz offensichtlich falsch gemacht wurde und dass in der Gegenwart ein Szenario immer mehr k\u00fcnstlich aufgebauscht wird, das uns gro\u00dfen Schaden zuf\u00fcgen kann, wenn wir uns immer weiter muksm\u00e4uschen still verhalten und auf Besserung warten.<\/strong><\/p>\n<p><strong>Daher ist das Gebot f\u00fcr Menschen die Sicherheit haben wollen, vielleicht sich sogar eine neue Existenz aufbauen wollen, unvoreingenommen \u00fcber den Tellerrand zu schauen und sich zumindest einen 2. Wohnungs- oder Hausschl\u00fcssel der in das zu Hause in Ungarn oder Serbien passt, in ihrer Tasche haben.<\/strong><\/p>\n<p><strong>Und eines kann ich euch mit Bestimmtheit sagen, ich betone dies sehr gerne: Es ist ein sehr gutes Gef\u00fchl, Freunde dort zu haben, wo man, egal was hier wird, willkommen ist und in Sicherheit leben kann. Ich habe und ich kenne dieses Sicherheitsgef\u00fchl.<\/strong><\/p>\n<p><strong>Ich habe vor einiger Zeit eine Informationsseite zum Thema Mittelosteuropa aufgebaut.<\/strong><\/p>\n<p><strong>Dort gibt es einen kleinen Teil von Angeboten in Ungarn und auch in Serbien.<\/strong><\/p>\n<p><strong>Da ich kein Makler bin und meine Freunde in Ungarn es ebenfalls nicht sind, gibt es die Objekte die wir kennen und zum Verkauf stehen nat\u00fcrlich provisionsfrei !<\/strong><br \/>\n<strong>Es ist auch nur eine recht kleine Auswahl, in Anbetracht der Tatsache, dass immer mehr Menschen es vorziehen, sich ihren Platz in einem sicheren, kriegsfreien Land zu sichern, sollte ich die Seite gelegentlich einmal erweitern.<\/strong><\/p>\n<p><strong>Hier die Webadresse: http:\/\/ungarn-immobilien.the-visitor.de\/<\/strong><\/p>\n<p><strong>Wer also die Hilfe eines Team, wir sind zur Zeit drei Personen, zwei in Ungarn, Budapest und Sopron und ich noch in Leipzig, in Anspruch nehmen m\u00f6chte, kann sich gerne an uns wenden, um seinen Zweitschl\u00fcssel f\u00fcr sich und seine Familie oder Freunde, zu einem sicheren Leben zu organisieren, bevor es zu sp\u00e4t ist.<\/strong><\/p>\n<p><strong>Wer nach Belarus m\u00f6chte, auch dem kann aller Voraussicht geholfen werden, schreibt mir ebenfalls ein Nachricht an: <a href=\"mailto:johannes.geort2022@mail.ru\" target=\"_blank\" rel=\"noopener\">johannes.georg2022@mail.ru<\/a> oder eine WhatsApp ( links unten in euren Monitoren zu sehen ?<\/strong><\/p>\n<p><strong>Entschuldigt bitte, dass dieses Video nun doch etwas l\u00e4nger wurde.<\/strong><br \/>\n<strong>F\u00fcr ein k\u00fcrzeres Video hatte ich leider keine Zeit.<\/strong><\/p>\n","protected":false},"excerpt":{"rendered":"<p>Einen sch\u00f6nen guten Abend ! Ich kann hier jetzt auch sehr gerne einmal Tacheles reden. Die Nachrichten die sich in West \u2013 Europa nun immer schneller verbreiten sind erschreckend. Das sollte jedem aufgeweckten Menschen immer klarer werden. Die Franzosen, ich bin \u00fcbrigens franz\u00f6sischer Abstammung, jedoch vertrete ich nicht die Meinung des Macron und seiner Anh\u00e4nger. [&hellip;]<\/p>\n","protected":false},"author":1,"featured_media":596,"comment_status":"open","ping_status":"open","sticky":false,"template":"","format":"standard","meta":{"om_disable_all_campaigns":false,"_monsterinsights_skip_tracking":false,"_monsterinsights_sitenote_active":false,"_monsterinsights_sitenote_note":"","_monsterinsights_sitenote_category":0,"footnotes":""},"categories":[16,31],"tags":[],"class_list":["post-595","post","type-post","status-publish","format-standard","has-post-thumbnail","hentry","category-auswandern","category-videos"],"aioseo_notices":[],"amp_enabled":true,"_links":{"self":[{"href":"https:\/\/ungarn-immobilien.the-visitor.de\/index.php?rest_route=\/wp\/v2\/posts\/595","targetHints":{"allow":["GET"]}}],"collection":[{"href":"https:\/\/ungarn-immobilien.the-visitor.de\/index.php?rest_route=\/wp\/v2\/posts"}],"about":[{"href":"https:\/\/ungarn-immobilien.the-visitor.de\/index.php?rest_route=\/wp\/v2\/types\/post"}],"author":[{"embeddable":true,"href":"https:\/\/ungarn-immobilien.the-visitor.de\/index.php?rest_route=\/wp\/v2\/users\/1"}],"replies":[{"embeddable":true,"href":"https:\/\/ungarn-immobilien.the-visitor.de\/index.php?rest_route=%2Fwp%2Fv2%2Fcomments&post=595"}],"version-history":[{"count":1,"href":"https:\/\/ungarn-immobilien.the-visitor.de\/index.php?rest_route=\/wp\/v2\/posts\/595\/revisions"}],"predecessor-version":[{"id":597,"href":"https:\/\/ungarn-immobilien.the-visitor.de\/index.php?rest_route=\/wp\/v2\/posts\/595\/revisions\/597"}],"wp:featuredmedia":[{"embeddable":true,"href":"https:\/\/ungarn-immobilien.the-visitor.de\/index.php?rest_route=\/wp\/v2\/media\/596"}],"wp:attachment":[{"href":"https:\/\/ungarn-immobilien.the-visitor.de\/index.php?rest_route=%2Fwp%2Fv2%2Fmedia&parent=595"}],"wp:term":[{"taxonomy":"category","embeddable":true,"href":"https:\/\/ungarn-immobilien.the-visitor.de\/index.php?rest_route=%2Fwp%2Fv2%2Fcategories&post=595"},{"taxonomy":"post_tag","embeddable":true,"href":"https:\/\/ungarn-immobilien.the-visitor.de\/index.php?rest_route=%2Fwp%2Fv2%2Ftags&post=595"}],"curies":[{"name":"wp","href":"https:\/\/api.w.org\/{rel}","templated":true}]}}