{"id":577,"date":"2025-03-08T09:30:14","date_gmt":"2025-03-08T09:30:14","guid":{"rendered":"http:\/\/ungarn-immobilien.the-visitor.de\/?p=577"},"modified":"2025-03-08T10:17:25","modified_gmt":"2025-03-08T10:17:25","slug":"orban-macht-konsequent-was-orban-angekuendigt-hat","status":"publish","type":"post","link":"https:\/\/ungarn-immobilien.the-visitor.de\/?p=577","title":{"rendered":"ORBAN MACHT KONSEQUENT WAS ORBAN ANGEK\u00dcNDIGT HAT"},"content":{"rendered":"<h1 class=\"style-scope ytd-watch-metadata\">Veto in B\u00fcssel &#8211; Orb\u00e1n machte ernst.<\/h1>\n<p><strong>Mich hat Viktor Orban, als Mann des Friedens, l\u00e4ngst auf seiner Seite !<\/strong><\/p>\n<p><strong>Orban und Trump k\u00f6nnen sich in Bezug auf das was sie ank\u00fcndigen, auch tats\u00e4chlich umsetzen.<\/strong><br \/>\n<strong>Sie sind M\u00e4nner der Tat, setzen konsequent das um, was dem Frieden dient.<\/strong><\/p>\n<p><strong>Ich vermute, dass von den 26 Staaten die dem Finanzpaket &#8220; zustimmten &#8222;, einige dabei sind, auf das Veto von Viktor Orban gehofft haben.<br \/>\nDie EU ist dabei, die bestehende &#8220; Ordnung &#8220; der BR\u00dcSSEL EU zerfallen zu lassen.<\/strong><\/p>\n<p><strong>Meine Hochachtung haben beide Regierungschefs !<\/strong><\/p>\n<p><strong>Und ich wiederhole es gerne.<\/strong><br \/>\n<strong>Ich freue mich, meinen sicheren Platz in Ungarn bereits im vergangenen Jahr gesichert habe.<\/strong><\/p>\n<p><iframe loading=\"lazy\" title=\"Veto in B\u00fcssel - Orb\u00e1n machte ernst\" width=\"640\" height=\"360\" src=\"https:\/\/www.youtube.com\/embed\/6-7muLus_Hs?feature=oembed\" frameborder=\"0\" allow=\"accelerometer; autoplay; clipboard-write; encrypted-media; gyroscope; picture-in-picture; web-share\" referrerpolicy=\"strict-origin-when-cross-origin\" allowfullscreen><\/iframe><\/p>\n<p>Videoquelle: https:\/\/youtu.be\/6-7muLus_Hs<br \/>\nVideokanal:\u00a0https:\/\/www.youtube.com\/@ungarnimmotv893<\/p>\n<blockquote class=\"wp-embedded-content\" data-secret=\"3wJKk98FyD\"><p><a href=\"https:\/\/ungarnheute.hu\/news\/viktor-orban-macht-bruesseler-kriegsplaenen-einen-strich-durch-die-rechnung-78981\/\">Viktor Orb\u00e1n macht Br\u00fcsseler Kriegspl\u00e4nen einen Strich durch die Rechnung<\/a><\/p><\/blockquote>\n<p><iframe loading=\"lazy\" class=\"wp-embedded-content\" sandbox=\"allow-scripts\" security=\"restricted\" style=\"position: absolute; visibility: hidden;\" title=\"&#8222;Viktor Orb\u00e1n macht Br\u00fcsseler Kriegspl\u00e4nen einen Strich durch die Rechnung&#8220; &#8212; Ungarn Heute\" src=\"https:\/\/ungarnheute.hu\/news\/viktor-orban-macht-bruesseler-kriegsplaenen-einen-strich-durch-die-rechnung-78981\/embed\/#?secret=u3U0QfCXAa#?secret=3wJKk98FyD\" data-secret=\"3wJKk98FyD\" width=\"600\" height=\"338\" frameborder=\"0\" marginwidth=\"0\" marginheight=\"0\" scrolling=\"no\"><\/iframe><\/p>\n","protected":false},"excerpt":{"rendered":"<p>Veto in B\u00fcssel &#8211; Orb\u00e1n machte ernst. Mich hat Viktor Orban, als Mann des Friedens, l\u00e4ngst auf seiner Seite ! Orban und Trump k\u00f6nnen sich in Bezug auf das was sie ank\u00fcndigen, auch tats\u00e4chlich umsetzen. Sie sind M\u00e4nner der Tat, setzen konsequent das um, was dem Frieden dient. Ich vermute, dass von den 26 Staaten [&hellip;]<\/p>\n","protected":false},"author":1,"featured_media":578,"comment_status":"open","ping_status":"open","sticky":false,"template":"","format":"standard","meta":{"om_disable_all_campaigns":false,"_monsterinsights_skip_tracking":false,"_monsterinsights_sitenote_active":false,"_monsterinsights_sitenote_note":"","_monsterinsights_sitenote_category":0,"footnotes":""},"categories":[16],"tags":[],"class_list":["post-577","post","type-post","status-publish","format-standard","has-post-thumbnail","hentry","category-auswandern"],"aioseo_notices":[],"amp_enabled":true,"_links":{"self":[{"href":"https:\/\/ungarn-immobilien.the-visitor.de\/index.php?rest_route=\/wp\/v2\/posts\/577","targetHints":{"allow":["GET"]}}],"collection":[{"href":"https:\/\/ungarn-immobilien.the-visitor.de\/index.php?rest_route=\/wp\/v2\/posts"}],"about":[{"href":"https:\/\/ungarn-immobilien.the-visitor.de\/index.php?rest_route=\/wp\/v2\/types\/post"}],"author":[{"embeddable":true,"href":"https:\/\/ungarn-immobilien.the-visitor.de\/index.php?rest_route=\/wp\/v2\/users\/1"}],"replies":[{"embeddable":true,"href":"https:\/\/ungarn-immobilien.the-visitor.de\/index.php?rest_route=%2Fwp%2Fv2%2Fcomments&post=577"}],"version-history":[{"count":5,"href":"https:\/\/ungarn-immobilien.the-visitor.de\/index.php?rest_route=\/wp\/v2\/posts\/577\/revisions"}],"predecessor-version":[{"id":584,"href":"https:\/\/ungarn-immobilien.the-visitor.de\/index.php?rest_route=\/wp\/v2\/posts\/577\/revisions\/584"}],"wp:featuredmedia":[{"embeddable":true,"href":"https:\/\/ungarn-immobilien.the-visitor.de\/index.php?rest_route=\/wp\/v2\/media\/578"}],"wp:attachment":[{"href":"https:\/\/ungarn-immobilien.the-visitor.de\/index.php?rest_route=%2Fwp%2Fv2%2Fmedia&parent=577"}],"wp:term":[{"taxonomy":"category","embeddable":true,"href":"https:\/\/ungarn-immobilien.the-visitor.de\/index.php?rest_route=%2Fwp%2Fv2%2Fcategories&post=577"},{"taxonomy":"post_tag","embeddable":true,"href":"https:\/\/ungarn-immobilien.the-visitor.de\/index.php?rest_route=%2Fwp%2Fv2%2Ftags&post=577"}],"curies":[{"name":"wp","href":"https:\/\/api.w.org\/{rel}","templated":true}]}}